{"id":5355,"date":"2020-08-13T10:30:00","date_gmt":"2020-08-13T10:30:00","guid":{"rendered":"https:\/\/lncarreira.com.br\/?p=5355"},"modified":"2022-07-21T17:52:00","modified_gmt":"2022-07-21T17:52:00","slug":"mercado-x-mudancas-impacto-no-nivel-executivo","status":"publish","type":"post","link":"https:\/\/lncarreira.com.br\/index.php\/2020\/08\/13\/mercado-x-mudancas-impacto-no-nivel-executivo\/","title":{"rendered":"Mercado x Mudan\u00e7as: Impacto no n\u00edvel Executivo"},"content":{"rendered":"\n<p>Desde o in\u00edcio da pandemia temos percebido muitas ondas de desligamento por parte das empresas, especialmente no primeiro trimestre da pandemia foram in\u00fameros desligamentos, tendenciosamente em n\u00edvel operacional &#8211; podendo variar algumas vezes o ritmo e abrang\u00eancia dos mesmos, mas muitas vezes amparados na viabilidade\/continuidade dos neg\u00f3cios.<\/p>\n\n\n\n<p><br>No entanto, desde junho nossa consultoria vem sendo abordada de forma significativa para processos de&nbsp;<strong>Transi\u00e7\u00e3o de Carreira com foco em Recoloca\u00e7\u00e3o<\/strong>&nbsp;para profissionais em n\u00edveis mais altos. Sim, tivemos o n\u00famero de processos de transi\u00e7\u00e3o duplicados desde ent\u00e3o \u2013 de forma geral, um aumento significativamente superior ao ano de 2019.&nbsp;<\/p>\n\n\n\n<blockquote class=\"wp-block-quote is-layout-flow wp-block-quote-is-layout-flow\"><p>Obviamente que o fator \u201cCOVID\u201d mexeu no \u201cbolso\u201d das empresas e em sua forma de atuar no mercado. Algumas pelo segmento que atuam: empresas de bens dur\u00e1veis, automotivos e de base. Sem contar o segmento de servi\u00e7os (turismo e transporte de passageiros, por exemplo), entretenimento e educa\u00e7\u00e3o.&nbsp;<\/p><\/blockquote>\n\n\n\n<p>Mas tamb\u00e9m muitos dos clientes que t\u00eam nos procurado comentam que a maioria dos profissionais que est\u00e3o desligando ou planejam desligar envolve a quest\u00e3o \u201ccomportamento\u201d. E a\u00ed relatos diversos: profissionais que n\u00e3o se adequaram a gest\u00e3o dos seus times a dist\u00e2ncia, que n\u00e3o conseguiram \u201cperformar\u201d em seus resultados ou que simplesmente possuem altos sal\u00e1rios.&nbsp;<\/p>\n\n\n\n<p><br>E esse \u00faltimo motivo tem um efeito imediato: os profissionais desligados se voltam para o mercado e, para se recolocar precisam rever alguns fatores. Exemplo: um executivo da \u00e1rea de Controladoria, que sai de uma empresa de grande porte de bens de consumo, iniciou num projeto menor na regi\u00e3o, numa fun\u00e7\u00e3o mais generalista.\u00a0<br><\/p>\n\n\n<div class=\"wp-block-image\">\n<figure class=\"aligncenter size-large is-resized\"><img fetchpriority=\"high\" decoding=\"async\" src=\"https:\/\/lncarreira.com.br\/wp-content\/uploads\/2021\/05\/ben-white-9emAQvCJQ4c-unsplash-1-1024x684.jpg\" alt=\"\" class=\"wp-image-4991\" width=\"413\" height=\"275\" srcset=\"https:\/\/lncarreira.com.br\/wp-content\/uploads\/2021\/05\/ben-white-9emAQvCJQ4c-unsplash-1-1024x684.jpg 1024w, https:\/\/lncarreira.com.br\/wp-content\/uploads\/2021\/05\/ben-white-9emAQvCJQ4c-unsplash-1-300x200.jpg 300w, https:\/\/lncarreira.com.br\/wp-content\/uploads\/2021\/05\/ben-white-9emAQvCJQ4c-unsplash-1-768x513.jpg 768w, https:\/\/lncarreira.com.br\/wp-content\/uploads\/2021\/05\/ben-white-9emAQvCJQ4c-unsplash-1-1536x1025.jpg 1536w, https:\/\/lncarreira.com.br\/wp-content\/uploads\/2021\/05\/ben-white-9emAQvCJQ4c-unsplash-1-2048x1367.jpg 2048w, https:\/\/lncarreira.com.br\/wp-content\/uploads\/2021\/05\/ben-white-9emAQvCJQ4c-unsplash-1-500x334.jpg 500w, https:\/\/lncarreira.com.br\/wp-content\/uploads\/2021\/05\/ben-white-9emAQvCJQ4c-unsplash-1-800x534.jpg 800w, https:\/\/lncarreira.com.br\/wp-content\/uploads\/2021\/05\/ben-white-9emAQvCJQ4c-unsplash-1-1280x854.jpg 1280w, https:\/\/lncarreira.com.br\/wp-content\/uploads\/2021\/05\/ben-white-9emAQvCJQ4c-unsplash-1-1920x1282.jpg 1920w\" sizes=\"(max-width: 413px) 100vw, 413px\" \/><\/figure>\n<\/div>\n\n\n<p>Ou seja, rever sal\u00e1rios, pacote de benef\u00edcios, posi\u00e7\u00f5es e formas de contrata\u00e7\u00e3o deve ser um item a ser revisto pelos executivos em suas transi\u00e7\u00f5es nesse momento de pandemia. O emprego na sua forma tradicional est\u00e1 cada vez mais escasso e aprender a lidar com isso n\u00e3o \u00e9 t\u00e3o simples assim: requer pensar diferente, avaliar cen\u00e1rios e considerar Plano A,\u00a0B, C, D, ou seja, cen\u00e1rios (e ainda em um ambiente de incerteza).\u00a0<\/p>\n\n\n\n<p><br>Mesmo nessa conjuntura toda, h\u00e1 segmentos que n\u00e3o param de crescer: Tecnologia, E-commerce, setor farmac\u00eautico, agroneg\u00f3cios, log\u00edstica, sa\u00fade, alimentos e por ai vai.&nbsp;<\/p>\n\n\n\n<h3 class=\"wp-block-heading\"><br>Por isso a li\u00e7\u00e3o de casa que depende de&nbsp; voc\u00ea, deve ser feita:&nbsp;<\/h3>\n\n\n\n<ul class=\"wp-block-list\"><li>Quais seus pontos fortes e pontos a desenvolver? Saber no que voc\u00ea \u00e9 bom, onde e como pode empregar suas&nbsp;potencialidades. O que te deixa feliz e realizado.&nbsp;<\/li><li>Como est\u00e1 sua rede de relacionamento? N\u00e3o \u00e9 a quantidade de contatos no seu Linkedin, Facebook ou Instagram que define se \u00e9 boa sua rede ou n\u00e3o &#8211; mas a qualidade dessas rela\u00e7\u00f5es.&nbsp;<\/li><\/ul>\n\n\n\n<p><br>Enfim,&nbsp;<strong>n\u00e3o delegue a ningu\u00e9m seus pr\u00f3ximos passos na carreira.&nbsp;<\/strong><\/p>\n\n\n\n<p><br>Escrito por:&nbsp;<a href=\"https:\/\/www.linkedin.com\/in\/lenirnunes\/\"><strong>Lenir Nunes<\/strong>&nbsp;<\/a>\u2013 Headhunter &amp; Conselheira de Carreira.<\/p>\n","protected":false},"excerpt":{"rendered":"<p>Desde o in\u00edcio da pandemia temos percebido muitas ondas de desligamento por parte das empresas, especialmente no primeiro trimestre da pandemia foram in\u00fameros desligamentos.<\/p>\n","protected":false},"author":2,"featured_media":5356,"comment_status":"closed","ping_status":"closed","sticky":false,"template":"","format":"standard","meta":{"_vp_format_video_url":"","_vp_image_focal_point":{"x":0.409999999999999975575093458246556110680103302001953125,"y":0.40000000000000002220446049250313080847263336181640625},"footnotes":""},"categories":[3],"tags":[14,44,52,43],"class_list":["post-5355","post","type-post","status-publish","format-standard","has-post-thumbnail","hentry","category-artigos","tag-business","tag-career","tag-lncarreira","tag-transition"],"_links":{"self":[{"href":"https:\/\/lncarreira.com.br\/index.php\/wp-json\/wp\/v2\/posts\/5355","targetHints":{"allow":["GET"]}}],"collection":[{"href":"https:\/\/lncarreira.com.br\/index.php\/wp-json\/wp\/v2\/posts"}],"about":[{"href":"https:\/\/lncarreira.com.br\/index.php\/wp-json\/wp\/v2\/types\/post"}],"author":[{"embeddable":true,"href":"https:\/\/lncarreira.com.br\/index.php\/wp-json\/wp\/v2\/users\/2"}],"replies":[{"embeddable":true,"href":"https:\/\/lncarreira.com.br\/index.php\/wp-json\/wp\/v2\/comments?post=5355"}],"version-history":[{"count":5,"href":"https:\/\/lncarreira.com.br\/index.php\/wp-json\/wp\/v2\/posts\/5355\/revisions"}],"predecessor-version":[{"id":5361,"href":"https:\/\/lncarreira.com.br\/index.php\/wp-json\/wp\/v2\/posts\/5355\/revisions\/5361"}],"wp:featuredmedia":[{"embeddable":true,"href":"https:\/\/lncarreira.com.br\/index.php\/wp-json\/wp\/v2\/media\/5356"}],"wp:attachment":[{"href":"https:\/\/lncarreira.com.br\/index.php\/wp-json\/wp\/v2\/media?parent=5355"}],"wp:term":[{"taxonomy":"category","embeddable":true,"href":"https:\/\/lncarreira.com.br\/index.php\/wp-json\/wp\/v2\/categories?post=5355"},{"taxonomy":"post_tag","embeddable":true,"href":"https:\/\/lncarreira.com.br\/index.php\/wp-json\/wp\/v2\/tags?post=5355"}],"curies":[{"name":"wp","href":"https:\/\/api.w.org\/{rel}","templated":true}]}}